{"id":1661,"date":"2019-06-12T16:22:53","date_gmt":"2019-06-12T16:22:53","guid":{"rendered":"http:\/\/douroexport.com\/foro\/?p=1661"},"modified":"2019-06-12T16:22:53","modified_gmt":"2019-06-12T16:22:53","slug":"feira-de-vinhais-distinguida-como-contributo-para-a-defesa-da-gastronomia-como-patrimonio-nacional","status":"publish","type":"post","link":"http:\/\/douroexport.com\/foro\/?p=1661","title":{"rendered":"FEIRA DE VINHAIS DISTINGUIDA COMO \u201cCONTRIBUTO PARA A DEFESA DA GASTRONOMIA COMO PATRIMONIO NACIONAL\u201c"},"content":{"rendered":"<p style=\"text-align: justify;background: white\"><span style=\"font-family: 'Segoe UI',sans-serif;color: #333333\">No nordeste Transmontano, a Feira do Fumeiro de Vinhais, foi distinguida com um pr\u00e9mio na categoria \u201cContributo para a Defesa da Gastronomia como Patrim\u00f3nio Nacional\u201d pela Associa\u00e7\u00e3o da hotelaria, Restaura\u00e7\u00e3o e Similares de Portugal (AHRESP).<\/span><\/p>\n<p style=\"text-align: justify;background: white\"><span style=\"font-family: 'Segoe UI',sans-serif;color: #333333\">O certame que cont\u00e9m o genero\u00a0mais antigo de Portugal e que comemora quatro d\u00e9cadas no pr\u00f3ximo ano,\u00a0\u00e9 uma montra do fumeiro regional, um dos produtos com maior peso econ\u00f3mico no concelho transmontano.<\/span><\/p>\n<p style=\"text-align: justify;background: white\"><span style=\"font-family: 'Segoe UI',sans-serif;color: #333333\">A distin\u00e7\u00e3o partiu da AHRESP que atribui anualmente pr\u00e9mios em v\u00e1rias categorias ligadas aos setores da gastronomia, restaura\u00e7\u00e3o e hotelaria, segundo o munic\u00edpio.<\/span><\/p>\n<p style=\"background: white\"><span style=\"font-family: 'Segoe UI',sans-serif;color: #333333\">Escrito por Di\u00e1rio de Tr\u00e1s os Montes e editado na AECT Duero-Douro.<\/span><\/p>\n<p style=\"background: white\"><img loading=\"lazy\" class=\"aligncenter size-full wp-image-1662\" src=\"http:\/\/douroexport.com\/foro\/wp-content\/uploads\/2019\/06\/vinhais_presunto_ap.jpg\" alt=\"\" width=\"820\" height=\"465\" srcset=\"http:\/\/douroexport.com\/foro\/wp-content\/uploads\/2019\/06\/vinhais_presunto_ap.jpg 820w, http:\/\/douroexport.com\/foro\/wp-content\/uploads\/2019\/06\/vinhais_presunto_ap-300x170.jpg 300w, http:\/\/douroexport.com\/foro\/wp-content\/uploads\/2019\/06\/vinhais_presunto_ap-768x436.jpg 768w\" sizes=\"(max-width: 820px) 100vw, 820px\" \/><\/p>\n","protected":false},"excerpt":{"rendered":"<p>No nordeste Transmontano, a Feira do Fumeiro de Vinhais, foi distinguida com um pr\u00e9mio na categoria \u201cContributo para a Defesa da Gastronomia como Patrim\u00f3nio Nacional\u201d pela Associa\u00e7\u00e3o da hotelaria, Restaura\u00e7\u00e3o e Similares de Portugal (AHRESP). O certame que cont\u00e9m o genero\u00a0mais antigo de Portugal e que comemora quatro d\u00e9cadas no pr\u00f3ximo ano,\u00a0\u00e9 uma montra do <a href=\"http:\/\/douroexport.com\/foro\/?p=1661\" rel=\"nofollow\"><span class=\"sr-only\">Leer m\u00e1sFEIRA DE VINHAIS DISTINGUIDA COMO \u201cCONTRIBUTO PARA A DEFESA DA GASTRONOMIA COMO PATRIMONIO NACIONAL\u201c<\/span>[&hellip;]<\/a><\/p>\n","protected":false},"author":3,"featured_media":1663,"comment_status":"open","ping_status":"open","sticky":false,"template":"","format":"standard","meta":[],"categories":[3,4],"tags":[],"_links":{"self":[{"href":"http:\/\/douroexport.com\/foro\/index.php?rest_route=\/wp\/v2\/posts\/1661"}],"collection":[{"href":"http:\/\/douroexport.com\/foro\/index.php?rest_route=\/wp\/v2\/posts"}],"about":[{"href":"http:\/\/douroexport.com\/foro\/index.php?rest_route=\/wp\/v2\/types\/post"}],"author":[{"embeddable":true,"href":"http:\/\/douroexport.com\/foro\/index.php?rest_route=\/wp\/v2\/users\/3"}],"replies":[{"embeddable":true,"href":"http:\/\/douroexport.com\/foro\/index.php?rest_route=%2Fwp%2Fv2%2Fcomments&post=1661"}],"version-history":[{"count":1,"href":"http:\/\/douroexport.com\/foro\/index.php?rest_route=\/wp\/v2\/posts\/1661\/revisions"}],"predecessor-version":[{"id":1664,"href":"http:\/\/douroexport.com\/foro\/index.php?rest_route=\/wp\/v2\/posts\/1661\/revisions\/1664"}],"wp:featuredmedia":[{"embeddable":true,"href":"http:\/\/douroexport.com\/foro\/index.php?rest_route=\/wp\/v2\/media\/1663"}],"wp:attachment":[{"href":"http:\/\/douroexport.com\/foro\/index.php?rest_route=%2Fwp%2Fv2%2Fmedia&parent=1661"}],"wp:term":[{"taxonomy":"category","embeddable":true,"href":"http:\/\/douroexport.com\/foro\/index.php?rest_route=%2Fwp%2Fv2%2Fcategories&post=1661"},{"taxonomy":"post_tag","embeddable":true,"href":"http:\/\/douroexport.com\/foro\/index.php?rest_route=%2Fwp%2Fv2%2Ftags&post=1661"}],"curies":[{"name":"wp","href":"https:\/\/api.w.org\/{rel}","templated":true}]}}