{"id":1630,"date":"2019-05-20T11:20:06","date_gmt":"2019-05-20T11:20:06","guid":{"rendered":"http:\/\/douroexport.com\/foro\/?p=1630"},"modified":"2019-05-20T11:20:06","modified_gmt":"2019-05-20T11:20:06","slug":"esta-sendo-desenvolvida-a-primeira-rota-internacional-do-vinho-que-interliga-portugal-e-espanha","status":"publish","type":"post","link":"http:\/\/douroexport.com\/foro\/?p=1630","title":{"rendered":"EST\u00c1 SENDO DESENVOLVIDA A PRIMEIRA ROTA INTERNACIONAL DO VINHO, QUE INTERLIGA PORTUGAL E ESPANHA"},"content":{"rendered":"<p style=\"text-align: justify;line-height: 13.8pt;margin: 0cm 0cm 7.5pt 0cm\"><span style=\"font-size: 10.5pt;font-family: 'Helvetica',sans-serif;color: black\">O Agrupamento Europeu de Coopera\u00e7\u00e3o Territorial (AECT) Duero-Douro deu inicio a cria\u00e7\u00e3o da primeira Rota Internacional do Vinho (RIV) que junta Portugal e Espanha, este projeto tem escala europeia, com o prop\u00f3sito de promover o territ\u00f3rio transfronteiri\u00e7o.<\/span><\/p>\n<p style=\"text-align: justify;line-height: 13.8pt;margin: 0cm 0cm 7.5pt 0cm\"><span style=\"font-size: 10.5pt;font-family: 'Helvetica',sans-serif;color: black\">Para marcar o inicio, foi realizado no passado dia 18 de maio um CONCURSO DE DESENHO PARA A CRIA\u00c7\u00c3O DE LOGOTIPO, que ser\u00e1 a imagem de marca da nova rota enotur\u00edstica e que esteve a cargo de 25 jovens criativos pr\u00e9-selecionados oriundos de Portugal e Espanha, reunidos numa jornada de trabalho, em Torre de Moncorvo, no distrito de Bragan\u00e7a.<\/span><\/p>\n<p style=\"text-align: justify;line-height: 13.8pt;margin: 0cm 0cm 7.5pt 0cm\"><span style=\"font-size: 10.5pt;font-family: 'Helvetica',sans-serif;color: black\">\u00abA apresenta\u00e7\u00e3o do log\u00f3tipo da rota p\u00f5e em marcha um apaixonante itiner\u00e1rio que enche de atividades a raia e a unifica atrav\u00e9s do turismo e da gastronomia para guiar e envolver todos os interessados num territ\u00f3rio de surpreendentes paisagens e excelentes vinhos como \u00e9 a fronteira do Douro Internacional\u00bb, salientou \u00e0 Lusa o diretor geral do AECT Duero-Douro, Jos\u00e9 Lu\u00eds Pascual.<\/span><\/p>\n<p style=\"text-align: justify;line-height: 13.8pt;margin: 0cm 0cm 7.5pt 0cm\"><span style=\"font-size: 10.5pt;font-family: 'Helvetica',sans-serif;color: black\">Trata-se de um \u00abprojeto piloto\u00bb para que se constitua um motor de desenvolvimento dos territ\u00f3rios de baixa densidade populacional do interior peninsular.<\/span><\/p>\n<p style=\"text-align: justify;line-height: 13.8pt;margin: 0cm 0cm 7.5pt 0cm\"><span style=\"font-size: 10.5pt;font-family: 'Helvetica',sans-serif;color: black\">A RIV agrega 213 localidades de ambos os lados da fronteira, promovendo o vinho, a gastronomia e a paisagem como fatores de desenvolvimento econ\u00f3mico.<\/span><\/p>\n<p style=\"text-align: justify;line-height: 13.8pt;margin: 0cm 0cm 7.5pt 0cm\"><span style=\"font-size: 10.5pt;font-family: 'Helvetica',sans-serif;color: black\">\u00abCome\u00e7\u00e1mos este projeto precisamente atrav\u00e9s da criatividade dos mais jovens do nosso territ\u00f3rio, que elaboraram aquilo que vai ser o grande s\u00edmbolo deste no projeto, que se iniciou na zona de fronteira e que agora ser\u00e1 divulgado a n\u00edvel internacional para a promo\u00e7\u00e3o da RIV\u00bb, explicou o respons\u00e1vel.<\/span><\/p>\n<p style=\"text-align: justify;line-height: 13.8pt;margin: 0cm 0cm 7.5pt 0cm\"><span style=\"font-size: 10.5pt;font-family: 'Helvetica',sans-serif;color: black\">A RIV ser\u00e1, na zona transfronteiri\u00e7a um instrumento com capacidade de atrair turistas a um territ\u00f3rio onde se produzem vinhos de refer\u00eancia, como \u00e9 caso do Douro Superior ou as prov\u00edncias espanholas de Zamora e Salamanca.<\/span><\/p>\n<p style=\"text-align: justify;line-height: 13.8pt;margin: 0cm 0cm 7.5pt 0cm\"><span style=\"font-size: 10.5pt;font-family: 'Helvetica',sans-serif;color: black\">\u00abEstes territ\u00f3rios, apesar de todo o seu potencial ecotur\u00edstico, ainda n\u00e3o est\u00e3o bem explorados, mas t\u00eam um grande potencial\u201d, comentou Jos\u00e9 Lu\u00eds Pascual.<\/span><\/p>\n<p style=\"text-align: justify;margin: 0cm 0cm 7.5pt 0cm\"><span style=\"font-size: 10.5pt;font-family: 'Helvetica',sans-serif;color: black\">Escrito por\u00a0Di\u00e1rio\u00a0de Tras os Montes e editado na AECT Duero-Douro.<\/span><\/p>\n<p style=\"text-align: justify;margin: 0cm 0cm 7.5pt 0cm\"><img loading=\"lazy\" class=\"aligncenter size-full wp-image-1631\" src=\"http:\/\/douroexport.com\/foro\/wp-content\/uploads\/2019\/05\/imag.jpg\" alt=\"\" width=\"820\" height=\"529\" srcset=\"http:\/\/douroexport.com\/foro\/wp-content\/uploads\/2019\/05\/imag.jpg 820w, http:\/\/douroexport.com\/foro\/wp-content\/uploads\/2019\/05\/imag-300x194.jpg 300w, http:\/\/douroexport.com\/foro\/wp-content\/uploads\/2019\/05\/imag-768x495.jpg 768w\" sizes=\"(max-width: 820px) 100vw, 820px\" \/><\/p>\n<p style=\"text-align: justify;margin: 0cm 0cm 7.5pt 0cm\">\n","protected":false},"excerpt":{"rendered":"<p>O Agrupamento Europeu de Coopera\u00e7\u00e3o Territorial (AECT) Duero-Douro deu inicio a cria\u00e7\u00e3o da primeira Rota Internacional do Vinho (RIV) que junta Portugal e Espanha, este projeto tem escala europeia, com o prop\u00f3sito de promover o territ\u00f3rio transfronteiri\u00e7o. Para marcar o inicio, foi realizado no passado dia 18 de maio um CONCURSO DE DESENHO PARA A <a href=\"http:\/\/douroexport.com\/foro\/?p=1630\" rel=\"nofollow\"><span class=\"sr-only\">Leer m\u00e1sEST\u00c1 SENDO DESENVOLVIDA A PRIMEIRA ROTA INTERNACIONAL DO VINHO, QUE INTERLIGA PORTUGAL E ESPANHA<\/span>[&hellip;]<\/a><\/p>\n","protected":false},"author":3,"featured_media":1632,"comment_status":"open","ping_status":"open","sticky":false,"template":"","format":"standard","meta":[],"categories":[4],"tags":[],"_links":{"self":[{"href":"http:\/\/douroexport.com\/foro\/index.php?rest_route=\/wp\/v2\/posts\/1630"}],"collection":[{"href":"http:\/\/douroexport.com\/foro\/index.php?rest_route=\/wp\/v2\/posts"}],"about":[{"href":"http:\/\/douroexport.com\/foro\/index.php?rest_route=\/wp\/v2\/types\/post"}],"author":[{"embeddable":true,"href":"http:\/\/douroexport.com\/foro\/index.php?rest_route=\/wp\/v2\/users\/3"}],"replies":[{"embeddable":true,"href":"http:\/\/douroexport.com\/foro\/index.php?rest_route=%2Fwp%2Fv2%2Fcomments&post=1630"}],"version-history":[{"count":1,"href":"http:\/\/douroexport.com\/foro\/index.php?rest_route=\/wp\/v2\/posts\/1630\/revisions"}],"predecessor-version":[{"id":1633,"href":"http:\/\/douroexport.com\/foro\/index.php?rest_route=\/wp\/v2\/posts\/1630\/revisions\/1633"}],"wp:featuredmedia":[{"embeddable":true,"href":"http:\/\/douroexport.com\/foro\/index.php?rest_route=\/wp\/v2\/media\/1632"}],"wp:attachment":[{"href":"http:\/\/douroexport.com\/foro\/index.php?rest_route=%2Fwp%2Fv2%2Fmedia&parent=1630"}],"wp:term":[{"taxonomy":"category","embeddable":true,"href":"http:\/\/douroexport.com\/foro\/index.php?rest_route=%2Fwp%2Fv2%2Fcategories&post=1630"},{"taxonomy":"post_tag","embeddable":true,"href":"http:\/\/douroexport.com\/foro\/index.php?rest_route=%2Fwp%2Fv2%2Ftags&post=1630"}],"curies":[{"name":"wp","href":"https:\/\/api.w.org\/{rel}","templated":true}]}}