{"id":1580,"date":"2019-03-18T09:48:31","date_gmt":"2019-03-18T09:48:31","guid":{"rendered":"http:\/\/douroexport.com\/foro\/?p=1580"},"modified":"2019-03-18T10:15:40","modified_gmt":"2019-03-18T10:15:40","slug":"boletin-oficial-del-estado-3","status":"publish","type":"post","link":"http:\/\/douroexport.com\/foro\/?p=1580","title":{"rendered":"BOLET\u00cdN OFICIAL DEL ESTADO"},"content":{"rendered":"<p>Extracto de la Resoluci\u00f3n de 7 de marzo de 2019 de ICEX Espa\u00f1a Exportaci\u00f3n e Inversiones por la que se convoca la concesi\u00f3n de ayudas a trav\u00e9s de la Convocatoria de las Becas de Internacionalizaci\u00f3n Empresarial de ICEX para 2021.<\/p>\n<p>De conformidad con lo previsto en los art\u00edculos 17.3.b y 20.8.a de la Ley 38\/ 2003, de 17 de noviembre, General de Subvenciones, se publica el extracto de la convocatoria cuyo texto completo puede consultarse en la Base de Datos Nacional de Subvenciones (http:\/\/www.pap.minhap.gob.es\/bdnstrans\/index):<\/p>\n<p>Primero objeto. Beneficiarios: Podr\u00e1n ser beneficiarios de las ayudas las personas que cumplan los siguientes requisitos m\u00ednimos algunos deles abajo:<\/p>\n<p>a) Poseer la nacionalidad de un estado miembro de la Uni\u00f3n Europea.<\/p>\n<p>b) Haber nacido a partir del 1 de enero de 1991.<\/p>\n<p>c) Estar en posesi\u00f3n, de una titulaci\u00f3n universitaria superior de car\u00e1cter oficial: Licenciatura\/Ingenier\u00eda Superior\/Arquitectura\/Grado, de 240 cr\u00e9ditos como m\u00ednimo.<\/p>\n<p>d) Dominar la lengua espa\u00f1ola (cuyo conocimiento podr\u00e1 ser evaluado en cualquier momento durante el proceso de selecci\u00f3n)<\/p>\n<p>e) Acreditar, documentalmente, poseer conocimiento avanzado de ingl\u00e9s (el nivel m\u00ednimo exigido, es el B2 del Marco Com\u00fan Europeo de Referencia para las Lenguas (MCERL)). Se aceptar\u00e1n los t\u00edtulos emitidos a partir del 1 de enero de 2014.<\/p>\n<p>Segundo objeto: Constituye el objeto de esta Convocatoria de Becas de Internacionalizaci\u00f3n Empresarial 2021 la concesi\u00f3n de 285 ayudas como m\u00e1ximo que permitan la formaci\u00f3n de j\u00f3venes profesionales especializados en internacionalizaci\u00f3n empresarial. Las ayudas se instrumentalizar\u00e1n en dos fases: Fase I que consistir\u00e1 en formaci\u00f3n pr\u00e1ctica obtenida a trav\u00e9s de la Red de Oficinas Econ\u00f3micas y Comerciales de las Embajadas de Espa\u00f1a en el extranjero en 2021 y Fase II de formaci\u00f3n pr\u00e1ctica en empresas e instituciones vinculadas a la internacionalizaci\u00f3n, dentro y fuera de Espa\u00f1a y en Organismos Internacionales de los que Espa\u00f1a es miembro, en 2022.<\/p>\n<p>Ofrece, adem\u00e1s, formaci\u00f3n adicional en varios idiomas y actividades formativas para que estos j\u00f3venes profesionales sean capaces de proporcionar un mejor servicio al proceso de internacionalizaci\u00f3n empresarial espa\u00f1ol. La informaci\u00f3n completa de la convocatoria puede consultarse tambi\u00e9n en www.icex.es\/becas.<\/p>\n<p>Escrito por Ministerio de Industria, comercio y turismo editado en la AECT Duero-Douro.<\/p>\n","protected":false},"excerpt":{"rendered":"<p>Extracto de la Resoluci\u00f3n de 7 de marzo de 2019 de ICEX Espa\u00f1a Exportaci\u00f3n e Inversiones por la que se convoca la concesi\u00f3n de ayudas a trav\u00e9s de la Convocatoria de las Becas de Internacionalizaci\u00f3n Empresarial de ICEX para 2021. De conformidad con lo previsto en los art\u00edculos 17.3.b y 20.8.a de la Ley 38\/ <a href=\"http:\/\/douroexport.com\/foro\/?p=1580\" rel=\"nofollow\"><span class=\"sr-only\">Leer m\u00e1sBOLET\u00cdN OFICIAL DEL ESTADO<\/span>[&hellip;]<\/a><\/p>\n","protected":false},"author":3,"featured_media":1581,"comment_status":"open","ping_status":"open","sticky":false,"template":"","format":"standard","meta":[],"categories":[1],"tags":[],"_links":{"self":[{"href":"http:\/\/douroexport.com\/foro\/index.php?rest_route=\/wp\/v2\/posts\/1580"}],"collection":[{"href":"http:\/\/douroexport.com\/foro\/index.php?rest_route=\/wp\/v2\/posts"}],"about":[{"href":"http:\/\/douroexport.com\/foro\/index.php?rest_route=\/wp\/v2\/types\/post"}],"author":[{"embeddable":true,"href":"http:\/\/douroexport.com\/foro\/index.php?rest_route=\/wp\/v2\/users\/3"}],"replies":[{"embeddable":true,"href":"http:\/\/douroexport.com\/foro\/index.php?rest_route=%2Fwp%2Fv2%2Fcomments&post=1580"}],"version-history":[{"count":3,"href":"http:\/\/douroexport.com\/foro\/index.php?rest_route=\/wp\/v2\/posts\/1580\/revisions"}],"predecessor-version":[{"id":1584,"href":"http:\/\/douroexport.com\/foro\/index.php?rest_route=\/wp\/v2\/posts\/1580\/revisions\/1584"}],"wp:featuredmedia":[{"embeddable":true,"href":"http:\/\/douroexport.com\/foro\/index.php?rest_route=\/wp\/v2\/media\/1581"}],"wp:attachment":[{"href":"http:\/\/douroexport.com\/foro\/index.php?rest_route=%2Fwp%2Fv2%2Fmedia&parent=1580"}],"wp:term":[{"taxonomy":"category","embeddable":true,"href":"http:\/\/douroexport.com\/foro\/index.php?rest_route=%2Fwp%2Fv2%2Fcategories&post=1580"},{"taxonomy":"post_tag","embeddable":true,"href":"http:\/\/douroexport.com\/foro\/index.php?rest_route=%2Fwp%2Fv2%2Ftags&post=1580"}],"curies":[{"name":"wp","href":"https:\/\/api.w.org\/{rel}","templated":true}]}}