{"id":1574,"date":"2019-03-13T10:41:36","date_gmt":"2019-03-13T10:41:36","guid":{"rendered":"http:\/\/douroexport.com\/foro\/?p=1574"},"modified":"2019-03-13T10:45:45","modified_gmt":"2019-03-13T10:45:45","slug":"boletin-oficial-del-estado-2","status":"publish","type":"post","link":"http:\/\/douroexport.com\/foro\/?p=1574","title":{"rendered":"BOLET\u00cdN OFICIAL DEL ESTADO"},"content":{"rendered":"<p><span style=\"float: none;background-color: transparent;color: #333333;font-family: -apple-system,BlinkMacSystemFont,'Segoe UI',Roboto,Oxygen-Sans,Ubuntu,Cantarell,'Helvetica Neue',sans-serif;font-size: 16px;font-style: normal;font-variant: normal;font-weight: 400;letter-spacing: normal;line-height: 22.4px;text-align: left;text-decoration: none;text-indent: 0px\">Extracto de la Resoluci\u00f3n de 26 de febrero de 2019, del Fondo Espa\u00f1ol de Garant\u00eda Agraria, O. A. (FEGA) por la que se convocan ayudas para la concesi\u00f3n de subvenciones a la ejecuci\u00f3n de proyectos de innovaci\u00f3n de inter\u00e9s general por grupos operativos de la Asociaci\u00f3n Europea para la Innovaci\u00f3n en materia de productividad y sostenibilidad agr\u00edcolas (AEI-Agri), en el marco del Programa Nacional de Desarrollo Rural 2014-2020, para el a\u00f1o 2019. <\/span>Mas informaciones consultarse en (https:\/\/www.boe.es\/boe\/dias\/2019\/03\/12\/pdfs\/BOE-B-2019-10638.pdf).<\/p>\n<p>Con conformidad del previsto en los art\u00edculos 17.3.b y 20.8.a de la Ley 38\/ 2003, de 17 de noviembre, General de Subvenciones, se publica el extracto de la convocatoria cuyo texto completo puede consultarse en la Base de Datos Nacional de Subvenciones (http:\/\/www.pap.minhap.gob.es\/bdnstrans\/index).<\/p>\n<p>Escrito por Ministerio de Agricultura, Pesca y Alimentaci\u00f3n editado en la AECT Duero Douro.<\/p>\n<p>&nbsp;<\/p>\n","protected":false},"excerpt":{"rendered":"<p>Extracto de la Resoluci\u00f3n de 26 de febrero de 2019, del Fondo Espa\u00f1ol de Garant\u00eda Agraria, O. A. (FEGA) por la que se convocan ayudas para la concesi\u00f3n de subvenciones a la ejecuci\u00f3n de proyectos de innovaci\u00f3n de inter\u00e9s general por grupos operativos de la Asociaci\u00f3n Europea para la Innovaci\u00f3n en materia de productividad y <a href=\"http:\/\/douroexport.com\/foro\/?p=1574\" rel=\"nofollow\"><span class=\"sr-only\">Leer m\u00e1sBOLET\u00cdN OFICIAL DEL ESTADO<\/span>[&hellip;]<\/a><\/p>\n","protected":false},"author":3,"featured_media":1575,"comment_status":"open","ping_status":"open","sticky":false,"template":"","format":"standard","meta":[],"categories":[3],"tags":[],"_links":{"self":[{"href":"http:\/\/douroexport.com\/foro\/index.php?rest_route=\/wp\/v2\/posts\/1574"}],"collection":[{"href":"http:\/\/douroexport.com\/foro\/index.php?rest_route=\/wp\/v2\/posts"}],"about":[{"href":"http:\/\/douroexport.com\/foro\/index.php?rest_route=\/wp\/v2\/types\/post"}],"author":[{"embeddable":true,"href":"http:\/\/douroexport.com\/foro\/index.php?rest_route=\/wp\/v2\/users\/3"}],"replies":[{"embeddable":true,"href":"http:\/\/douroexport.com\/foro\/index.php?rest_route=%2Fwp%2Fv2%2Fcomments&post=1574"}],"version-history":[{"count":3,"href":"http:\/\/douroexport.com\/foro\/index.php?rest_route=\/wp\/v2\/posts\/1574\/revisions"}],"predecessor-version":[{"id":1578,"href":"http:\/\/douroexport.com\/foro\/index.php?rest_route=\/wp\/v2\/posts\/1574\/revisions\/1578"}],"wp:featuredmedia":[{"embeddable":true,"href":"http:\/\/douroexport.com\/foro\/index.php?rest_route=\/wp\/v2\/media\/1575"}],"wp:attachment":[{"href":"http:\/\/douroexport.com\/foro\/index.php?rest_route=%2Fwp%2Fv2%2Fmedia&parent=1574"}],"wp:term":[{"taxonomy":"category","embeddable":true,"href":"http:\/\/douroexport.com\/foro\/index.php?rest_route=%2Fwp%2Fv2%2Fcategories&post=1574"},{"taxonomy":"post_tag","embeddable":true,"href":"http:\/\/douroexport.com\/foro\/index.php?rest_route=%2Fwp%2Fv2%2Ftags&post=1574"}],"curies":[{"name":"wp","href":"https:\/\/api.w.org\/{rel}","templated":true}]}}