{"id":152,"date":"2017-11-09T09:18:58","date_gmt":"2017-11-09T09:18:58","guid":{"rendered":"http:\/\/douroexport.com\/foro\/?p=152"},"modified":"2017-11-29T18:45:42","modified_gmt":"2017-11-29T18:45:42","slug":"celebrado-con-rotundo-exito-el-i-salon-internacional-de-productos-y-servicios-de-la-frontera-duero-douro","status":"publish","type":"post","link":"http:\/\/douroexport.com\/foro\/?p=152","title":{"rendered":"Celebrado con rotundo \u00e9xito el I Sal\u00f3n Internacional de Productos y Servicios de la Frontera Duero-Douro"},"content":{"rendered":"<div style=\"float: left; width: 98%;\">\n<p><a href=\"http:\/\/douroexport.com\/foro\/wp-content\/uploads\/2017\/11\/IMG_6775.jpg\"><img loading=\"lazy\" class=\"wp-image-908 size-full aligncenter\" src=\"http:\/\/douroexport.com\/foro\/wp-content\/uploads\/2017\/11\/IMG_6775.jpg\" alt=\"\" width=\"633\" height=\"422\" srcset=\"http:\/\/douroexport.com\/foro\/wp-content\/uploads\/2017\/11\/IMG_6775.jpg 633w, http:\/\/douroexport.com\/foro\/wp-content\/uploads\/2017\/11\/IMG_6775-300x200.jpg 300w\" sizes=\"(max-width: 633px) 100vw, 633px\" \/><\/a><\/p>\n<p>&nbsp;<\/p>\n<\/div>\n<div style=\"float: left; width: 48%; border-right: solid 1px silver; padding-right: 1%; font-size: 14px;\">\n<p><em><strong>ESPA\u00d1OL<\/strong><\/em><\/p>\n<p>La AECT Duero-Douro ha creado una plataforma para comercializar de forma conjunta los productos y servicios hispano-lusos de la zona fronteriza del Duero a trav\u00e9s de un proyecto que est\u00e1 dotado con 1,7 millones de euros de fondos europeos y que tiene por proyectos piloto:<\/p>\n<ul>\n<li>la puesta en marcha de una Marca de Calidad Transfronteriza,<\/li>\n<li>la Ruta Internacional del Vino<\/li>\n<li>y el proyecto de turismo y patrimonio TerraDuero junto con su Central de Reservas.<\/li>\n<\/ul>\n<p>El pistoletazo de salida del proyecto ha tenido lugar el pasado viernes, 3 de noviembre, con la celebraci\u00f3n en Zamora, del I Sal\u00f3n Internacional de Productos y Servicios de la Frontera Duero-Douro que se alargaba durante todo el s\u00e1bado, d\u00eda 4, con un atractivo programa para los visitantes y divertidas actividades para los m\u00e1s peque\u00f1os.<\/p>\n<p>Las empresas de productos y servicios participantes en el evento han sido las siguientes:<\/p>\n<ul>\n<li>AECT DUERO-DOURO SERVICIOS TUR\u00cdSTICOS<\/li>\n<li>RUTA INTERNACIONAL DEL VINO SERVICIOS TUR\u00cdSTICOS<\/li>\n<li>CENTRAL DE RESERVAS TERRADUERO<\/li>\n<li>QUEIJOS MOGAD\u00b4OYRO<\/li>\n<li>ACEITES EL REGALO DE ATENEA<\/li>\n<li>MOGARICUS COGUMELOS<\/li>\n<li>EMBUTIDOS BISARDO DO PLANALTO<\/li>\n<li>G.P. TERNERA DE ALISTE<\/li>\n<li>SETAS Y FRUTAS SIVESTRES PROSILVESTRE<\/li>\n<li>O. TIERRA DEL VINO ZAMORA<\/li>\n<li>EMBUTIDOS AUTENTISEREIA<\/li>\n<li>BODEGAS RIBERA DE PELAZAS D.O. ARRIBES<\/li>\n<li>AGROBERRY ZARZAMORA<\/li>\n<li>AGUA MINERAL NATURAL BALNEARIO Y AGUAS DE CALABOR<\/li>\n<li>VINHOS JOS\u00c9 PRETO<\/li>\n<li>COZIHNA REGIONAL PICOTE FRAGUA BOLOS<\/li>\n<li>CASA MARIE PEDRA FRAGUA<\/li>\n<li>EMBUTIDOS BLANCO SANTIAGO S.L.<\/li>\n<li>MIEL LA COLMENITA DE ALISTE<\/li>\n<li>CERVEZAS, ACEITES Y VINOS BIO-FREIXO<\/li>\n<\/ul>\n<p>El encuentro ha difundido las distintas iniciativas que se desarrollan en la zona de la frontera entre las provincias de Zamora y Salamanca y las demarcaciones lusas de Braganza y Guarda, tanto desde el punto de vista tur\u00edstico como de la industria agroalimentaria.<\/p>\n<p>Para ello, se instal\u00f3 en la Plaza de la Constituci\u00f3n de Zamora una carpa de 150 metros cuadrados que ha funcionado como sal\u00f3n expositivo para mostrar los diferentes productos de calidad que se elaboran en la zona y al mismo tiempo, ofrecer informaci\u00f3n sobre los recursos tur\u00edsticos y valores medioambientales del entorno.<\/p>\n<p>En el Sal\u00f3n se han desarrollado degustaciones de aceite, vino, miel, embutidos, jamones, legumbres y platos cocinados, todo ello acompa\u00f1ado de actuaciones de m\u00fasica Folk en directo. Adem\u00e1s, se ha entretenido a los m\u00e1s peque\u00f1os con un sinf\u00edn de divertidas animaciones y manualidades y el reparto de varios regalos. Para los mayores de edad, TerraDuero realiz\u00f3 un sorteo en el que se han repartido tres estancias con r\u00e9gimen de alojamiento y desayuno en diferentes casas rurales pertenecientes a la Central de Reservas.<\/p>\n<p>La Central unificar\u00e1 las reservas para las casas rurales y otros recursos tur\u00edsticos de la raya del Duero.&nbsp;La plataforma pretende dotar a las empresas del entorno del r\u00edo de una herramienta de comercializaci\u00f3n conjunta de la que hasta ahora carec\u00edan.<\/p>\n<p>Con este evento, se inicia el proyecto e-Douro_EXP que ambiciona adherir distintas empresas elaboradoras de productos de calidad para poner en funcionamiento la plataforma de comercializaci\u00f3n que los dar\u00e1 a conocer y cuyo objetivo principal es la exportaci\u00f3n.<\/p>\n<p><a href=\"http:\/\/douroexport.com\/foro\/?page_id=876\" target=\"_blank\" rel=\"noopener noreferrer\">Te dejamos algunas im\u00e1genes de la doble jornada. CLICK AQUI<\/a><\/p>\n<\/div>\n<div style=\"float: left; width: 48%; padding-left: 1%; font-size: 14px; color: #49903e;\">\n<p><em><strong>PORTUGU\u00c9S<\/strong><\/em><\/p>\n<p>O AECT Duero-Douro criou uma plataforma para comercializar de forma conjunta os produtos e servi\u00e7os hispano-lusos da zona fronteiri\u00e7a do Douro, atrav\u00e9s de um projeto dotado com 1,7 milh\u00f5es de euros de fundos europeus e que tem como projetos piloto:<\/p>\n<ul>\n<li>a implementa\u00e7\u00e3o de uma Marca de Qualidade Transfronteiri\u00e7a;<\/li>\n<li>a Rota Internacional do Vinho;<\/li>\n<li>e o projeto de turismo e patrim\u00f3nio TerraDuero, juntamente com a Central de Reservas.<\/li>\n<\/ul>\n<p>O tiro de partida do projeto teve lugar na passada sexta feira, 3 de novembro, em Zamora com o I Sal\u00e3o Internacional de Produtos e Servi\u00e7os da Fronteira Duero-Douro que se estendendeu at\u00e9 s\u00e1bada, dia 4, com um atrativo programa para os visitantes e divertidas atividades para os mais pequenos.<\/p>\n<p>As empresas de produtos e servi\u00e7os participantes no evento foram as seguintes:<\/p>\n<ul>\n<li>AECT DUERO-DOURO SERVI\u00c7OS TUR\u00cdSTICOS<\/li>\n<li>ROTA INTERNACIONAL DO VINHO SERVI\u00c7OS TUR\u00cdSTICOS<\/li>\n<li>CENTRAL DE RESERVAS TERRADUERO<\/li>\n<li>QUEIJOS MOGAD\u00b4OYRO<\/li>\n<li>ACEITES EL REGALO DE ATENEA<\/li>\n<li>MOGARICUS COGUMELOS<\/li>\n<li>ENCHIDOS BISARO DO PLANALTO<\/li>\n<li>G.P. TERNERA DE ALISTE<\/li>\n<li>SETAS Y FRUTAS SIVESTRES PROSILVESTRE<\/li>\n<li>O. TIERRA DEL VINO ZAMORA<\/li>\n<li>ENCHIDOS AUTENTISEREIA<\/li>\n<li>BODEGAS RIBERA DE PELAZAS D.O. ARRIBES<\/li>\n<li>AGROBERRY ZARZAMORA<\/li>\n<li>AGUA MINERAL NATURAL BALNEARIO Y AGUAS DE CALABOR<\/li>\n<li>VINHOS JOS\u00c9 PRETO<\/li>\n<li>COZINHA REGIONAL PICOTE FRAGUA BOLOS<\/li>\n<li>CASA MARIE PEDRA FRAGUA<\/li>\n<li>EMBUTIDOS BLANCO SANTIAGO S.L.<\/li>\n<li>MIEL LA COLMENITA DE ALISTE<\/li>\n<li>CERVEJA, AZEITE E VINHO BIO-FREIXO<\/li>\n<\/ul>\n<p>O encontro difundiu as diferentes iniciativas que se desenvolvem na zona da fronteira entre as prov\u00edncias de Zamora e Salamanca e os territ\u00f3rios portugueses de Bragan\u00e7a e Guarda, tanto do ponto de vista tur\u00edstico como da ind\u00fastria agro alimentar.<\/p>\n<p>Para o efeito, instalou-se na <em>Plaza de la Constituci\u00f3n de Zamora<\/em> uma tenda com 150 metros quadrados que funcionou como sal\u00e3o de exposi\u00e7\u00f5es para mostrar os diferentes produtos de qualidade que se produzem na regi\u00e3o e ao mesmo tempo oferecer informa\u00e7\u00e3o sobre os recursos tur\u00edsticos e valores do meio ambiente.<\/p>\n<p>No sal\u00e3o realizaram-se v\u00e1rias degusta\u00e7\u00f5es de azeite, vinho, mel, enchidos, presuntos, legumes e pratos regionais, tudo isto acompanhado por atua\u00e7\u00f5es de m\u00fasica Folk ao vivo. Al\u00e9m disso, os mais pequenos tiveram direito a v\u00e1rias anima\u00e7\u00f5es, trabalhos manuais e presentes. Para os maiores de idade, o TerraDuero realizou um sorteio no qual foram sorteadas tr\u00eas estadias com regime de pequeno almo\u00e7o, em tr\u00eas casas rurais pertencentes \u00e0 Central de Reservas<\/p>\n<p>A central unir\u00e1 as reservas para as casas rurais e outros recursos tur\u00edsticos da raia do Douro. A plataforma pretende dotar as empresas do entorno do Douro Internacional com uma ferramenta de comercializa\u00e7\u00e3o conjunta que at\u00e9 agora n\u00e3o existia.<\/p>\n<p>Com este evento, d\u00e1-se in\u00edcio ao projeto e-Douro_EXPORT, que ambiciona juntar diferentes empresas com produtos de qualidade, de forma a colocar em funcionamento a plataforma de comercializa\u00e7\u00e3o que dar\u00e1 a conhecer os seus produtos e cujo objetivo principal \u00e9 a exporta\u00e7\u00e3o.<\/p>\n<p><a href=\"http:\/\/douroexport.com\/foro\/?page_id=876\" target=\"_blank\" rel=\"noopener noreferrer\">Aqui ficam algumas imagens desta dupla jornada. CLICK AQUI<\/a><\/p>\n<\/div>\n<div style=\"clear: both;\">&nbsp;<\/div>\n<div style=\"float: left; margin-top: 20px;\"><iframe style=\"align: center;\" src=\"https:\/\/www.youtube.com\/embed\/zp96tXwgRnQ\" width=\"560\" height=\"315\" frameborder=\"0\" allowfullscreen=\"allowfullscreen\"><\/iframe><\/div>\n","protected":false},"excerpt":{"rendered":"<p>&nbsp; ESPA\u00d1OL La AECT Duero-Douro ha creado una plataforma para comercializar de forma conjunta los productos y servicios hispano-lusos de la zona fronteriza del Duero a trav\u00e9s de un proyecto que est\u00e1 dotado con 1,7 millones de euros de fondos europeos y que tiene por proyectos piloto: la puesta en marcha de una Marca de <a href=\"http:\/\/douroexport.com\/foro\/?p=152\" rel=\"nofollow\"><span class=\"sr-only\">Leer m\u00e1sCelebrado con rotundo \u00e9xito el I Sal\u00f3n Internacional de Productos y Servicios de la Frontera Duero-Douro<\/span>[&hellip;]<\/a><\/p>\n","protected":false},"author":1,"featured_media":874,"comment_status":"open","ping_status":"open","sticky":false,"template":"","format":"standard","meta":[],"categories":[3,4],"tags":[],"_links":{"self":[{"href":"http:\/\/douroexport.com\/foro\/index.php?rest_route=\/wp\/v2\/posts\/152"}],"collection":[{"href":"http:\/\/douroexport.com\/foro\/index.php?rest_route=\/wp\/v2\/posts"}],"about":[{"href":"http:\/\/douroexport.com\/foro\/index.php?rest_route=\/wp\/v2\/types\/post"}],"author":[{"embeddable":true,"href":"http:\/\/douroexport.com\/foro\/index.php?rest_route=\/wp\/v2\/users\/1"}],"replies":[{"embeddable":true,"href":"http:\/\/douroexport.com\/foro\/index.php?rest_route=%2Fwp%2Fv2%2Fcomments&post=152"}],"version-history":[{"count":35,"href":"http:\/\/douroexport.com\/foro\/index.php?rest_route=\/wp\/v2\/posts\/152\/revisions"}],"predecessor-version":[{"id":983,"href":"http:\/\/douroexport.com\/foro\/index.php?rest_route=\/wp\/v2\/posts\/152\/revisions\/983"}],"wp:featuredmedia":[{"embeddable":true,"href":"http:\/\/douroexport.com\/foro\/index.php?rest_route=\/wp\/v2\/media\/874"}],"wp:attachment":[{"href":"http:\/\/douroexport.com\/foro\/index.php?rest_route=%2Fwp%2Fv2%2Fmedia&parent=152"}],"wp:term":[{"taxonomy":"category","embeddable":true,"href":"http:\/\/douroexport.com\/foro\/index.php?rest_route=%2Fwp%2Fv2%2Fcategories&post=152"},{"taxonomy":"post_tag","embeddable":true,"href":"http:\/\/douroexport.com\/foro\/index.php?rest_route=%2Fwp%2Fv2%2Ftags&post=152"}],"curies":[{"name":"wp","href":"https:\/\/api.w.org\/{rel}","templated":true}]}}