{"id":1486,"date":"2018-09-23T10:47:02","date_gmt":"2018-09-23T10:47:02","guid":{"rendered":"http:\/\/douroexport.com\/foro\/?p=1486"},"modified":"2019-01-23T13:58:36","modified_gmt":"2019-01-23T13:58:36","slug":"ocorreu-em-moncorvo-o-evento-sabor-douro-wine-fest","status":"publish","type":"post","link":"http:\/\/douroexport.com\/foro\/?p=1486","title":{"rendered":"OCORREU EM MONCORVO O EVENTO SABOR D&#8217;OURO WINE FEST"},"content":{"rendered":"<div class=\"field field-name-field-lead field-type-text-long field-label-hidden\">\n<div class=\"field-items\">\n<div class=\"field-item even\">No seu quinto ano consecutivo, o munic\u00edpio de Moncorvo promoveu os vinhos do concelho no Sabor D\u2019ouro Summer Wine Fest. Para o ano de 2018, participaram 11 produtores do concelho que v\u00eaem na iniciativa uma boa forma de promover e dar a conhecer as variedades deste vinho do douro superior.<\/div>\n<div class=\"field-item even\"><\/div>\n<div class=\"field-item even\"><\/div>\n<div class=\"field-item even\">Os vinhos que s\u00e3o destaque como productos da regi\u00e3o, que est\u00e1 presente o Agrupamento Europeu de Coopera\u00e7\u00e3o Territorial Duero Douro, onde est\u00e1 a promover o <strong>Projecto Douro Export<\/strong>, para ajudar os empres\u00e1rios dos sectores agroaliment\u00e1rios e de turismo a aumentarem suas vendas.<\/div>\n<div class=\"field-item even\"><\/div>\n<\/div>\n<\/div>\n<div class=\"field field-name-body field-type-text-with-summary field-label-hidden\">\n<div class=\"field-items\">\n<div class=\"field-item even\">\n<p>\u00abEstamos muito contentes com a iniciativa, vemos uma evolu\u00e7\u00e3o enorme de ano para ano, tamb\u00e9m no n\u00famero de visitantes. Creio que o Douro Superior est\u00e1 a tornar se um pouco moda\u00bb, salientou Manuel Covas, um dos expositores e representante de uma das quintas.<\/p>\n<p>Este ano j\u00e1 se estimam perdas em especial devido ao tempo na altura da matura\u00e7\u00e3o, os produtores esperam que a qualidade compense a redu\u00e7\u00e3o.<\/p>\n<p>\u00abAs temperaturas altas e as chuvas que vieram de repente acabaram por prejudicar a produ\u00e7\u00e3o, estima se que haja uma quebra, ainda n\u00e3o se sabe, mas de 30 a 40%, mas espera se que seja um bom ano em termos de qualidade, mas s\u00f3 nas vindimas \u00e9 que vamos saber\u00bb, referiu Humberto Esteves, um dos expositores.<\/p>\n<p>O vice-presidente do munic\u00edpio de Torre de Moncorvo, V\u00edtor Moreira, afirma que a ades\u00e3o quer de participantes quer de visitantes tem vindo a aumentar:<\/p>\n<p>\u00abTemos 11 produtores, tem vindo a aumentar e ades\u00e3o tem sido em massa. A inten\u00e7\u00e3o desta festa, n\u00e3o s\u00f3 para brindar o final do ver\u00e3o e das f\u00e9rias, mas essencialmente na altura das vindimas queremos promover o que de melhor temos na gastronomia e vinhos\u00bb, destacou.<\/p>\n<p>Escrito por Brigantia e editado na AECT Duero Douro.<\/p>\n<p><img loading=\"lazy\" class=\"aligncenter size-full wp-image-1487\" src=\"http:\/\/douroexport.com\/foro\/wp-content\/uploads\/2019\/01\/sabor_douro_wine_f.jpg\" alt=\"\" width=\"750\" height=\"370\" srcset=\"http:\/\/douroexport.com\/foro\/wp-content\/uploads\/2019\/01\/sabor_douro_wine_f.jpg 750w, http:\/\/douroexport.com\/foro\/wp-content\/uploads\/2019\/01\/sabor_douro_wine_f-300x148.jpg 300w\" sizes=\"(max-width: 750px) 100vw, 750px\" \/><\/p>\n<\/div>\n<\/div>\n<\/div>\n","protected":false},"excerpt":{"rendered":"<p>No seu quinto ano consecutivo, o munic\u00edpio de Moncorvo promoveu os vinhos do concelho no Sabor D\u2019ouro Summer Wine Fest. Para o ano de 2018, participaram 11 produtores do concelho que v\u00eaem na iniciativa uma boa forma de promover e dar a conhecer as variedades deste vinho do douro superior. Os vinhos que s\u00e3o destaque <a href=\"http:\/\/douroexport.com\/foro\/?p=1486\" rel=\"nofollow\"><span class=\"sr-only\">Leer m\u00e1sOCORREU EM MONCORVO O EVENTO SABOR D&#8217;OURO WINE FEST<\/span>[&hellip;]<\/a><\/p>\n","protected":false},"author":3,"featured_media":1488,"comment_status":"open","ping_status":"open","sticky":false,"template":"","format":"standard","meta":[],"categories":[3],"tags":[],"_links":{"self":[{"href":"http:\/\/douroexport.com\/foro\/index.php?rest_route=\/wp\/v2\/posts\/1486"}],"collection":[{"href":"http:\/\/douroexport.com\/foro\/index.php?rest_route=\/wp\/v2\/posts"}],"about":[{"href":"http:\/\/douroexport.com\/foro\/index.php?rest_route=\/wp\/v2\/types\/post"}],"author":[{"embeddable":true,"href":"http:\/\/douroexport.com\/foro\/index.php?rest_route=\/wp\/v2\/users\/3"}],"replies":[{"embeddable":true,"href":"http:\/\/douroexport.com\/foro\/index.php?rest_route=%2Fwp%2Fv2%2Fcomments&post=1486"}],"version-history":[{"count":3,"href":"http:\/\/douroexport.com\/foro\/index.php?rest_route=\/wp\/v2\/posts\/1486\/revisions"}],"predecessor-version":[{"id":1492,"href":"http:\/\/douroexport.com\/foro\/index.php?rest_route=\/wp\/v2\/posts\/1486\/revisions\/1492"}],"wp:featuredmedia":[{"embeddable":true,"href":"http:\/\/douroexport.com\/foro\/index.php?rest_route=\/wp\/v2\/media\/1488"}],"wp:attachment":[{"href":"http:\/\/douroexport.com\/foro\/index.php?rest_route=%2Fwp%2Fv2%2Fmedia&parent=1486"}],"wp:term":[{"taxonomy":"category","embeddable":true,"href":"http:\/\/douroexport.com\/foro\/index.php?rest_route=%2Fwp%2Fv2%2Fcategories&post=1486"},{"taxonomy":"post_tag","embeddable":true,"href":"http:\/\/douroexport.com\/foro\/index.php?rest_route=%2Fwp%2Fv2%2Ftags&post=1486"}],"curies":[{"name":"wp","href":"https:\/\/api.w.org\/{rel}","templated":true}]}}