{"id":1388,"date":"2018-06-08T09:19:09","date_gmt":"2018-06-08T09:19:09","guid":{"rendered":"http:\/\/douroexport.com\/foro\/?p=1388"},"modified":"2018-06-08T09:32:19","modified_gmt":"2018-06-08T09:32:19","slug":"tem-inicio-esse-fim-de-semana-a-28-a-festa-do-vinho-verde-e-dos-produtos-regionais","status":"publish","type":"post","link":"http:\/\/douroexport.com\/foro\/?p=1388","title":{"rendered":"TEM INICIO ESSE FIM DE SEMANA A 28.\u00aa FESTA DO VINHO VERDE E DOS PRODUTOS REGIONAIS"},"content":{"rendered":"<p>Acontece nos dias 8, 9 e 10 de Junho, a Festa do Vinhos Verde e Produtos Regionais, em Ponte de Lima. O evento que se destaca por reconhecer a import\u00e2ncia do Vinho Verde como um dos produtos end\u00f3genos de excel\u00eancia com grande express\u00e3o econ\u00f3mica e social e enorme potencial de crescimento.\u00a0O encontro \u00e9 realizado h\u00e1 mais de vinte anos, aonde se procura afirmar\u00a0como um espa\u00e7o de neg\u00f3cio aliado ao prazer.<\/p>\n<p>A Festa do Vinho Verde e dos Produtos Regionais tem crescido gradualmente, assumindo-se cada vez mais como uma marca gastron\u00f3mica de dimens\u00e3o nacional. Ali estar\u00e3o muitos produtos da regi\u00e3o do Douro de Portugal, que tamb\u00e9m est\u00e1 contemplado em algumas cidades no <strong>Projecto Douro Export<\/strong> do Agrupamento Europeu de Coopera\u00e7\u00e3o Territorial Duero Douro. O Projecto que tem como seus principais objetivos, aumentar as exporta\u00e7\u00f5es dos produtos dos sectores agroalimentarios e de turismo na regi\u00e3o de Portugal e Espanha (Bragan\u00e7a, Guarda, Salamanca e Zamora).<\/p>\n<p>O evento da Festa do Vinho Verde e dos Produtos Regionais, tem como inten\u00e7\u00e3o promover pratos tradicionais, onde o expectador pode saborear um fresco vinho verde e se encantar pela bonita vila de Ponte de Lima.<\/p>\n<p>Para a programa\u00e7\u00e3o completa do evento, segue o link:<\/p>\n<p>http:\/\/www.festadovinhoverde.pt\/uploads\/writer_file\/document\/4018\/programa_festa_vinho_verde_2018.pdf<\/p>\n<p>Escrito por Porto e Norte e editado no AECT Duero Douro.<\/p>\n<p><img loading=\"lazy\" class=\"aligncenter size-full wp-image-1390\" src=\"http:\/\/douroexport.com\/foro\/wp-content\/uploads\/2018\/06\/FVVerde_2018_facebook_1_970_2500.jpg\" alt=\"\" width=\"930\" height=\"489\" srcset=\"http:\/\/douroexport.com\/foro\/wp-content\/uploads\/2018\/06\/FVVerde_2018_facebook_1_970_2500.jpg 930w, http:\/\/douroexport.com\/foro\/wp-content\/uploads\/2018\/06\/FVVerde_2018_facebook_1_970_2500-300x158.jpg 300w, http:\/\/douroexport.com\/foro\/wp-content\/uploads\/2018\/06\/FVVerde_2018_facebook_1_970_2500-768x404.jpg 768w\" sizes=\"(max-width: 930px) 100vw, 930px\" \/><\/p>\n","protected":false},"excerpt":{"rendered":"<p>Acontece nos dias 8, 9 e 10 de Junho, a Festa do Vinhos Verde e Produtos Regionais, em Ponte de Lima. O evento que se destaca por reconhecer a import\u00e2ncia do Vinho Verde como um dos produtos end\u00f3genos de excel\u00eancia com grande express\u00e3o econ\u00f3mica e social e enorme potencial de crescimento.\u00a0O encontro \u00e9 realizado h\u00e1 <a href=\"http:\/\/douroexport.com\/foro\/?p=1388\" rel=\"nofollow\"><span class=\"sr-only\">Leer m\u00e1sTEM INICIO ESSE FIM DE SEMANA A 28.\u00aa FESTA DO VINHO VERDE E DOS PRODUTOS REGIONAIS<\/span>[&hellip;]<\/a><\/p>\n","protected":false},"author":3,"featured_media":1400,"comment_status":"open","ping_status":"open","sticky":false,"template":"","format":"standard","meta":[],"categories":[3],"tags":[],"_links":{"self":[{"href":"http:\/\/douroexport.com\/foro\/index.php?rest_route=\/wp\/v2\/posts\/1388"}],"collection":[{"href":"http:\/\/douroexport.com\/foro\/index.php?rest_route=\/wp\/v2\/posts"}],"about":[{"href":"http:\/\/douroexport.com\/foro\/index.php?rest_route=\/wp\/v2\/types\/post"}],"author":[{"embeddable":true,"href":"http:\/\/douroexport.com\/foro\/index.php?rest_route=\/wp\/v2\/users\/3"}],"replies":[{"embeddable":true,"href":"http:\/\/douroexport.com\/foro\/index.php?rest_route=%2Fwp%2Fv2%2Fcomments&post=1388"}],"version-history":[{"count":3,"href":"http:\/\/douroexport.com\/foro\/index.php?rest_route=\/wp\/v2\/posts\/1388\/revisions"}],"predecessor-version":[{"id":1394,"href":"http:\/\/douroexport.com\/foro\/index.php?rest_route=\/wp\/v2\/posts\/1388\/revisions\/1394"}],"wp:featuredmedia":[{"embeddable":true,"href":"http:\/\/douroexport.com\/foro\/index.php?rest_route=\/wp\/v2\/media\/1400"}],"wp:attachment":[{"href":"http:\/\/douroexport.com\/foro\/index.php?rest_route=%2Fwp%2Fv2%2Fmedia&parent=1388"}],"wp:term":[{"taxonomy":"category","embeddable":true,"href":"http:\/\/douroexport.com\/foro\/index.php?rest_route=%2Fwp%2Fv2%2Fcategories&post=1388"},{"taxonomy":"post_tag","embeddable":true,"href":"http:\/\/douroexport.com\/foro\/index.php?rest_route=%2Fwp%2Fv2%2Ftags&post=1388"}],"curies":[{"name":"wp","href":"https:\/\/api.w.org\/{rel}","templated":true}]}}